{"id":25835468,"date":"2026-04-20T18:08:56","date_gmt":"2026-04-20T16:08:56","guid":{"rendered":"https:\/\/bernardfroment.com\/?p=25835468"},"modified":"2026-04-22T17:34:44","modified_gmt":"2026-04-22T15:34:44","slug":"portes-ouvertes-de-latelier-7-8-9-10-mai-2026","status":"publish","type":"post","link":"https:\/\/bernardfroment.com\/fr\/portes-ouvertes-de-latelier-7-8-9-10-mai-2026\/","title":{"rendered":"Portes ouvertes de l&rsquo;atelier  7 8 9 10 mai 2026"},"content":{"rendered":"\n<p>Cette ann\u00e9e, nous avons la joie d&rsquo;accueillir la peinture, la sculpture, la po\u00e9sie, la musique et le chant dans notre lieu. <\/p>\n\n\n\n<p>Durant ces 4 jours vous pourrez d\u00e9couvrir l&rsquo;univers color\u00e9 de <strong><a href=\"https:\/\/www.carredartistes.com\/fr-fr\/dan-casado-m-36.htm\">Dan CASADO<\/a><\/strong>, artiste peintre argentin ainsi que les pierres sculpt\u00e9es de <strong><a href=\"https:\/\/www.laurentquinkal.com\/\">Laurent QUINKAL<\/a><\/strong>, sculpteur photographe. Ils seront tous les deux pr\u00e9sents au <strong>vernissage<\/strong> le <strong>jeudi 7 mai<\/strong> \u00e0 18h. L&rsquo;exposition d\u00e9butera d\u00e8s 15h. Les jours suivants, l&rsquo;exposition sera visible de 10h \u00e0 20h et vous pourrez \u00e9galement d\u00e9couvrir mes derni\u00e8res cr\u00e9ations.<\/p>\n\n\n\n<h2 class=\"wp-block-heading\">Programme<\/h2>\n\n\n\n<p><strong>ven 8. 20h<\/strong>       <strong>concert<\/strong> tant d\u2019aime<br>sophie charbit, compositions, chant, piano, guitare     richard posselt, accord\u00e9on, piano, voix <br>chansons po\u00e8tiques et fougueuses<br>Tant d\u2019Aime,<br>c&rsquo;est se faire mordre par les mots,<br>par la pr\u00e9sence enti\u00e8re de ce duo d&rsquo;accord\u00e9on,<br>de guitare, de piano et de po\u00e9sie.<br>De cette po\u00e9sie qui gueule son existence \u00e0 force d&rsquo;\u00eatre aphone,<br>cette po\u00e9sie vivante, exub\u00e9rante, chant\u00e9e, v\u00e9cue,<br>cette po\u00e9sie port\u00e9e fi\u00e8rement sur la langue.<\/p>\n\n\n\n<p><br><strong>sam 9. 20h<\/strong>      <strong>concert<\/strong> li\u00e9vaux l\u2019alcazien<br>chansons folk rock<br>Apr\u00e8s toutes ces tourn\u00e9es avec le duo ALCAZ,<br>Viviane Cayol \u00e9tant partie go\u00fbter le miel des Anges,<br>Jean-Yves Li\u00e9vaux reprend la route seul, en bon folk singer.<br>Il retrace ce parcours Alcazien avec une sensibilit\u00e9,<br>une \u00e9motion \u00e0 fleur de plumes.<br>Ses guitares, sa voix singuli\u00e8re viennent nous toucher<br>l\u00e0 o\u00f9 notre humanit\u00e9 en a besoin.<br>Cette intimit\u00e9 nous r\u00e9v\u00e8le un hommage pr\u00e9cieux de l&rsquo;artiste qui d\u00e9passe l&rsquo;\u00e9crit.<\/p>\n\n\n\n<p><br><strong>dim10. 11h<\/strong>   <strong>spectacle<\/strong> claire Henquet<br>le mot le silence et le cri<br>\u00ab Parfois, on crie plus fort<br>En se taisant<br>Qu\u2019en criant.\u00bb<br>Jean Pierre Sim\u00e9on<br>suivi d\u2019un repas partag\u00e9<\/p>\n\n\n\n<p><\/p>\n\n\n\n<h4 class=\"wp-block-heading\">concerts et spectacles<br>prix libre, conseill\u00e9 10 \u20ac<br>sur r\u00e9servation par mail<br>bernardfroment.art@gmail.com<\/h4>\n\n\n\n<figure class=\"wp-block-table\"><table class=\"has-black-background-color has-background has-fixed-layout\"><tbody><tr><td><\/td><\/tr><\/tbody><\/table><\/figure>\n\n\n\n<h5 class=\"wp-block-heading\">Dur\u00e9e<br>7 mai 2026 - 10 mai 2026<\/h5>\n\n\n\n<div style=\"height:51px\" aria-hidden=\"true\" class=\"wp-block-spacer\"><\/div>\n","protected":false},"excerpt":{"rendered":"<p>Cette ann\u00e9e, nous avons la joie d&rsquo;accueillir la peinture, la sculpture, la po\u00e9sie, la musique et le chant dans notre lieu. Durant ces 4 jours vous pourrez d\u00e9couvrir l&rsquo;univers color\u00e9 de Dan CASADO, artiste peintre argentin ainsi que les pierres sculpt\u00e9es de Laurent QUINKAL, sculpteur photographe. Ils seront tous les deux pr\u00e9sents au vernissage le [&hellip;]<\/p>\n","protected":false},"author":3,"featured_media":25835465,"comment_status":"closed","ping_status":"closed","sticky":false,"template":"","format":"standard","meta":{"_et_pb_use_builder":"off","_et_pb_old_content":"<!-- wp:paragraph -->\n<p>L\u2019exposition <strong>\u00ab NATURGEFL\u00dcSTER \u00bb <\/strong>vous invite \u00e0 un voyage sensuel \u00e0 travers la nature. Des artistes tels que Tillmans, Eliasson, Byun et d\u2019autres pr\u00e9sentent des \u0153uvres qui donnent vie \u00e0 la beaut\u00e9, \u00e0 la puissance et \u00e0 la vuln\u00e9rabilit\u00e9 de la nature de mani\u00e8re artistique. De la photographie, de la peinture et de la sculpture aux installations vid\u00e9o et sonores interactives, la nature se r\u00e9v\u00e8le sous toutes ses facettes \u2013 une ode \u00e0 l\u2019harmonie et au lien profond entre l\u2019homme et la nature.<\/p>\n<!-- \/wp:paragraph -->\n\n<!-- wp:paragraph -->\n<p><strong>Artistes :<\/strong>&nbsp;YOUNMI BYUN . OLAFUR ELIASSON . HOLGER F\u00d6RTERER . BERNARD FROMENT . B\u00c9ATRICE HUG. SOPHIE LAVAUX . BRUNO POINSARD . LAURENZ THEINERT &amp; KURT HOLZK\u00c4MPER . WOLFGANG TILLMANS . ALEXANDRE VOIGT .<\/p>\n<!-- \/wp:paragraph -->\n\n<!-- wp:spacer {\"height\":\"51px\"} -->\n<div style=\"height:51px\" aria-hidden=\"true\" class=\"wp-block-spacer\"><\/div>\n<!-- \/wp:spacer -->\n\n<!-- wp:table {\"backgroundColor\":\"black\"} -->\n<figure class=\"wp-block-table\"><table class=\"has-black-background-color has-background has-fixed-layout\"><tbody><tr><td><img src=\"https:\/\/bernardfroment.com\/wp-content\/uploads\/2025\/01\/museum-art-cars-logo.png\" alt=\"\"><\/td><\/tr><\/tbody><\/table><\/figure>\n<!-- \/wp:table -->\n\n<!-- wp:spacer {\"height\":\"51px\"} -->\n<div style=\"height:51px\" aria-hidden=\"true\" class=\"wp-block-spacer\"><\/div>\n<!-- \/wp:spacer -->\n\n<!-- wp:heading {\"level\":5} -->\n<h5 class=\"wp-block-heading\"><\/h5>\n<!-- \/wp:heading -->\n\n<!-- wp:heading {\"level\":5} -->\n<h5 class=\"wp-block-heading\">Dur\u00e9e<br>16 novembre 2024 - 19 octobre 2025<\/h5>\n<!-- \/wp:heading -->\n\n<!-- wp:spacer {\"height\":\"51px\"} -->\n<div style=\"height:51px\" aria-hidden=\"true\" class=\"wp-block-spacer\"><\/div>\n<!-- \/wp:spacer -->\n\n<!-- wp:heading {\"level\":5} -->\n<h5 class=\"wp-block-heading\"><\/h5>\n<!-- \/wp:heading -->","_et_gb_content_width":"","footnotes":""},"categories":[16],"tags":[],"dipi_cpt_category":[],"class_list":["post-25835468","post","type-post","status-publish","format-standard","has-post-thumbnail","hentry","category-exposition"],"_links":{"self":[{"href":"https:\/\/bernardfroment.com\/fr\/wp-json\/wp\/v2\/posts\/25835468","targetHints":{"allow":["GET"]}}],"collection":[{"href":"https:\/\/bernardfroment.com\/fr\/wp-json\/wp\/v2\/posts"}],"about":[{"href":"https:\/\/bernardfroment.com\/fr\/wp-json\/wp\/v2\/types\/post"}],"author":[{"embeddable":true,"href":"https:\/\/bernardfroment.com\/fr\/wp-json\/wp\/v2\/users\/3"}],"replies":[{"embeddable":true,"href":"https:\/\/bernardfroment.com\/fr\/wp-json\/wp\/v2\/comments?post=25835468"}],"version-history":[{"count":3,"href":"https:\/\/bernardfroment.com\/fr\/wp-json\/wp\/v2\/posts\/25835468\/revisions"}],"predecessor-version":[{"id":25835475,"href":"https:\/\/bernardfroment.com\/fr\/wp-json\/wp\/v2\/posts\/25835468\/revisions\/25835475"}],"wp:featuredmedia":[{"embeddable":true,"href":"https:\/\/bernardfroment.com\/fr\/wp-json\/wp\/v2\/media\/25835465"}],"wp:attachment":[{"href":"https:\/\/bernardfroment.com\/fr\/wp-json\/wp\/v2\/media?parent=25835468"}],"wp:term":[{"taxonomy":"category","embeddable":true,"href":"https:\/\/bernardfroment.com\/fr\/wp-json\/wp\/v2\/categories?post=25835468"},{"taxonomy":"post_tag","embeddable":true,"href":"https:\/\/bernardfroment.com\/fr\/wp-json\/wp\/v2\/tags?post=25835468"},{"taxonomy":"dipi_cpt_category","embeddable":true,"href":"https:\/\/bernardfroment.com\/fr\/wp-json\/wp\/v2\/dipi_cpt_category?post=25835468"}],"curies":[{"name":"wp","href":"https:\/\/api.w.org\/{rel}","templated":true}]}}